{"id":757,"date":"2018-05-23T12:46:51","date_gmt":"2018-05-23T10:46:51","guid":{"rendered":"http:\/\/asszert.de\/?p=757"},"modified":"2021-03-03T23:14:31","modified_gmt":"2021-03-03T22:14:31","slug":"seminar-zur-neuen-norm-din-iso-450012018","status":"publish","type":"post","link":"https:\/\/asszert.de\/?p=757","title":{"rendered":"Seminar zur neuen Norm DIN ISO 45001:2018"},"content":{"rendered":"<p>Am 12. M\u00e4rz 2018 hat die Internationale Organisation f\u00fcr Normung (ISO) die neue Norm ISO 45001 ver\u00f6ffentlicht.<br \/>\nNun ist die deutsche Fassung der Norm erschienen:<\/p>\n<p><big><strong>DIN ISO 45001:2018-06 \u201eManagementsysteme f\u00fcr Sicherheit und Gesundheit bei der Arbeit\u201c<\/strong><\/big><\/p>\n<p>Bei dieser Neuausgabe f\u00fcr SGA-Managementsysteme handelt es sich nicht um geringf\u00fcgige redaktionelle \u00c4nderungen gegen\u00fcber der Vorl\u00e4ufernorm (BS OHSAS 18001 Arbeits- und Gesundheitsschutz- Managementsysteme), sondern um entscheidende inhaltliche \u00c4nderungen und Erg\u00e4nzungen.<\/p>\n<p>Zudem wurde ein neuer struktureller Aufbau der Norm gegen\u00fcber der Vorl\u00e4ufernorm BS OHSAS 18001 gew\u00e4hlt und ge\u00e4nderte Begriffe eingef\u00fchrt, um den gleichen Aufbau und Sprachgebrauch in der Familie der Organisationsnormen zu f\u00f6rdern.<\/p>\n<p>Was das f\u00fcr Sie und Ihre Organisation bedeutet, wollen wir in einem eint\u00e4gigen Seminar vermitteln und gemeinsam mit Ihnen diskutieren.<\/p>\n<p>Die Referenten sind langj\u00e4hrige Auditoren der Zertifizierungsstelle AssZert, also Personen, die sich mit der Thematik bereits im Rahmen der Normenentwicklung und aus eigener Erfahrung intensiv damit besch\u00e4ftigt haben.<\/p>\n<p><big><strong>Das Seminar soll Ihnen Kenntnisse f\u00fcr die Weiterentwicklung Ihres Managementsystems vermitteln und Sie auf die neu gestellten Anforderungen praxisorientiert vorbereiten.<\/strong><\/big><\/p>\n<p>Am Ende dieses Intensivseminars k\u00f6nnen Sie u. a. folgende Fragen beantworten:<\/p>\n<ul>\n<li>Wie wird sich unser bestehendes AMS- bzw. SGA-Managementsystem weiterentwickeln, welche Dokumente, Prozesse und Verantwortungen werden sich \u00e4ndern?<\/li>\n<li>Welche neuen Anforderungen der Norm bestehen und sind umzusetzen?<\/li>\n<li>Was entfallt gegen\u00fcber der Vorl\u00e4ufernorm &#8211; welche Auswirkungen hat das auf unser Managementsystem?<\/li>\n<li>Welche zeitlichen Fristen sind f\u00fcr erteilte Zertifikate im Rahmen des \u00dcbergangs zu beachten?<\/li>\n<li>Welche Auswirkungen wird die Norm auf laufende Zertifizierungsverfahren haben?<\/li>\n<\/ul>\n<p><strong>Termine und Ort der Veranstaltung sowie die Teilnahmegeb\u00fchr entnehmen Sie bitte dem Anmeldeformular. <em>[Update:\u00a0Eine Anmeldung ist nicht mehr m\u00f6glich, die Seminare haben erfolgreich stattgefunden. Derzeit sind keine weiteren geplant.]<\/em><br \/>\n<\/strong><\/p>\n<hr class=\"ttfmake-hr\" style=\"border-style: solid; border-top-width: 1px;\" \/>\n<p>&nbsp;<\/p>\n","protected":false},"excerpt":{"rendered":"<p>Am 12. M\u00e4rz 2018 hat die Internationale Organisation f\u00fcr Normung (ISO) die neue Norm ISO 45001 ver\u00f6ffentlicht. Nun ist die deutsche Fassung der Norm erschienen: DIN ISO 45001:2018-06 \u201eManagementsysteme f\u00fcr Sicherheit und Gesundheit bei der Arbeit\u201c Bei dieser Neuausgabe f\u00fcr SGA-Managementsysteme handelt es sich nicht um geringf\u00fcgige redaktionelle \u00c4nderungen gegen\u00fcber der Vorl\u00e4ufernorm (BS OHSAS 18001 &hellip;<\/p>\n","protected":false},"author":2,"featured_media":0,"comment_status":"closed","ping_status":"closed","sticky":false,"template":"","format":"standard","meta":{"footnotes":""},"categories":[11],"tags":[20,26,22,19,21,6,27,25,24],"class_list":["post-757","post","type-post","status-publish","format-standard","hentry","category-iso-45001","tag-20","tag-26","tag-arbeits-und-gesundheitsschutzmanagementsysteme","tag-bs-ohsas-18001","tag-din-iso-45001","tag-iso","tag-managementsysteme-fuer-sicherheit-und-gesundheit-bei-der-arbeit","tag-seminar","tag-uebergangsfrist-zertifikate"],"_links":{"self":[{"href":"https:\/\/asszert.de\/index.php?rest_route=\/wp\/v2\/posts\/757"}],"collection":[{"href":"https:\/\/asszert.de\/index.php?rest_route=\/wp\/v2\/posts"}],"about":[{"href":"https:\/\/asszert.de\/index.php?rest_route=\/wp\/v2\/types\/post"}],"author":[{"embeddable":true,"href":"https:\/\/asszert.de\/index.php?rest_route=\/wp\/v2\/users\/2"}],"replies":[{"embeddable":true,"href":"https:\/\/asszert.de\/index.php?rest_route=%2Fwp%2Fv2%2Fcomments&post=757"}],"version-history":[{"count":10,"href":"https:\/\/asszert.de\/index.php?rest_route=\/wp\/v2\/posts\/757\/revisions"}],"predecessor-version":[{"id":1021,"href":"https:\/\/asszert.de\/index.php?rest_route=\/wp\/v2\/posts\/757\/revisions\/1021"}],"wp:attachment":[{"href":"https:\/\/asszert.de\/index.php?rest_route=%2Fwp%2Fv2%2Fmedia&parent=757"}],"wp:term":[{"taxonomy":"category","embeddable":true,"href":"https:\/\/asszert.de\/index.php?rest_route=%2Fwp%2Fv2%2Fcategories&post=757"},{"taxonomy":"post_tag","embeddable":true,"href":"https:\/\/asszert.de\/index.php?rest_route=%2Fwp%2Fv2%2Ftags&post=757"}],"curies":[{"name":"wp","href":"https:\/\/api.w.org\/{rel}","templated":true}]}}